{"id":2814,"date":"2021-05-10T18:29:22","date_gmt":"2021-05-10T18:29:22","guid":{"rendered":"https:\/\/pintadas.ba.gov.br\/wp\/?p=2814"},"modified":"2021-05-10T18:29:25","modified_gmt":"2021-05-10T18:29:25","slug":"pintadas-fez-36-anos","status":"publish","type":"post","link":"https:\/\/pintadas.ba.gov.br\/wp\/2021\/05\/10\/pintadas-fez-36-anos\/","title":{"rendered":"Pintadas fez 36 anos!"},"content":{"rendered":"\n<p>Neste domingo, 09 de maio,  Pintadas fez 36 anos de emancipa\u00e7\u00e3o pol\u00edtica e em comemora\u00e7\u00e3o foi realizado o hasteamento das bandeiras.<\/p>\n\n\n\n<p>O momento aconteceu no in\u00edcio da manh\u00e3 e contou com a presen\u00e7a do prefeito, Valcyr Rios, da primeira dama, Maria Nilza, de vereadores, secret\u00e1rios e diretores da Gest\u00e3o Municipal.<\/p>\n\n\n\n<p>Devido a pandemia da Covid-19, a prefeitura decidiu por n\u00e3o realizar a tradicional festividade em alus\u00e3o \u00e0 Emancipa\u00e7\u00e3o Pol\u00edtica.<\/p>\n","protected":false},"excerpt":{"rendered":"<p>Neste domingo, 09 de maio, Pintadas fez 36 anos de emancipa\u00e7\u00e3o pol\u00edtica e em comemora\u00e7\u00e3o foi realizado o hasteamento das bandeiras. O momento aconteceu no in\u00edcio<span class=\"excerpt-hellip\"> [\u2026]<\/span><\/p>\n","protected":false},"author":2,"featured_media":2815,"comment_status":"open","ping_status":"open","sticky":false,"template":"","format":"standard","meta":{"footnotes":""},"categories":[33,37],"tags":[],"class_list":["post-2814","post","type-post","status-publish","format-standard","has-post-thumbnail","hentry","category-cultura","category-governo"],"_links":{"self":[{"href":"https:\/\/pintadas.ba.gov.br\/wp\/wp-json\/wp\/v2\/posts\/2814","targetHints":{"allow":["GET"]}}],"collection":[{"href":"https:\/\/pintadas.ba.gov.br\/wp\/wp-json\/wp\/v2\/posts"}],"about":[{"href":"https:\/\/pintadas.ba.gov.br\/wp\/wp-json\/wp\/v2\/types\/post"}],"author":[{"embeddable":true,"href":"https:\/\/pintadas.ba.gov.br\/wp\/wp-json\/wp\/v2\/users\/2"}],"replies":[{"embeddable":true,"href":"https:\/\/pintadas.ba.gov.br\/wp\/wp-json\/wp\/v2\/comments?post=2814"}],"version-history":[{"count":2,"href":"https:\/\/pintadas.ba.gov.br\/wp\/wp-json\/wp\/v2\/posts\/2814\/revisions"}],"predecessor-version":[{"id":2821,"href":"https:\/\/pintadas.ba.gov.br\/wp\/wp-json\/wp\/v2\/posts\/2814\/revisions\/2821"}],"wp:featuredmedia":[{"embeddable":true,"href":"https:\/\/pintadas.ba.gov.br\/wp\/wp-json\/wp\/v2\/media\/2815"}],"wp:attachment":[{"href":"https:\/\/pintadas.ba.gov.br\/wp\/wp-json\/wp\/v2\/media?parent=2814"}],"wp:term":[{"taxonomy":"category","embeddable":true,"href":"https:\/\/pintadas.ba.gov.br\/wp\/wp-json\/wp\/v2\/categories?post=2814"},{"taxonomy":"post_tag","embeddable":true,"href":"https:\/\/pintadas.ba.gov.br\/wp\/wp-json\/wp\/v2\/tags?post=2814"}],"curies":[{"name":"wp","href":"https:\/\/api.w.org\/{rel}","templated":true}]}}